{"id":14600,"date":"2026-08-20T21:58:00","date_gmt":"2026-08-21T01:58:00","guid":{"rendered":"https:\/\/cmq.cl\/site\/?p=14600"},"modified":"2026-08-30T22:09:04","modified_gmt":"2026-08-31T02:09:04","slug":"quilpue-fortalece-una-red-de-lideres-comunitarios-para-promover-la-estimulacion-funcional-en-personas-mayores","status":"publish","type":"post","link":"https:\/\/cmq.cl\/site\/quilpue-fortalece-una-red-de-lideres-comunitarios-para-promover-la-estimulacion-funcional-en-personas-mayores\/","title":{"rendered":"Quilpu\u00e9 fortalece una red de l\u00edderes comunitarios para promover la estimulaci\u00f3n funcional en personas mayores"},"content":{"rendered":"\n<figure class=\"wp-block-image size-full\"><img loading=\"lazy\" decoding=\"async\" width=\"918\" height=\"624\" src=\"https:\/\/cmq.cl\/site\/wp-content\/uploads\/2026\/08\/Captura-de-pantalla-2026-08-30-220315.png\" alt=\"\" class=\"wp-image-14604\"\/><\/figure>\n\n\n\n<p>M\u00e1s de 60 adultos&nbsp; mayores de distintos sectores de Quilpu\u00e9 fueron certificadas como L\u00edderes Comunitarios en Estimulaci\u00f3n Funcional, tras culminar un proceso formativo desarrollado por el Programa M\u00e1s Adultos Mayores Autovalentes (M\u00c1S AMA) de la Corporaci\u00f3n Municipal de Quilpu\u00e9.<\/p>\n\n\n\n<p>La iniciativa reuni\u00f3 a representantes de juntas de vecinos, centros de adultos mayores y organizaciones comunitarias de sectores urbanos y rurales, incluyendo Colliguay y La Retuca, con el objetivo de fortalecer sus capacidades para promover la estimulaci\u00f3n f\u00edsica, funcional y cognitiva, el autocuidado, la autonom\u00eda, el envejecimiento activo y la participaci\u00f3n social.<\/p>\n\n\n\n<p>Durante las capacitaciones tambi\u00e9n se abordaron materias como promoci\u00f3n de la salud, primeros auxilios y reanimaci\u00f3n cardiopulmonar, bienestar emocional, duelo y prevenci\u00f3n, beneficios sociales, educaci\u00f3n sexual, liderazgo y participaci\u00f3n comunitaria, entregando herramientas para que las y los participantes puedan replicar lo aprendido en sus propios territorios.<\/p>\n\n\n\n<p>La seremi de Salud, Mariol Luan, destac\u00f3 el impacto de esta iniciativa en la vida de las personas mayores. \u201cHoy se certifican 60 personas que han sido capacitadas en el contexto del Programa M\u00c1S AMA. Es un programa que les permite compartir, formarse en salud, promoci\u00f3n y prevenci\u00f3n, pero adem\u00e1s hacer comunidad y compartir sus experiencias y problem\u00e1ticas\u201d, se\u00f1al\u00f3.<\/p>\n\n\n\n<p>En tanto, la secretaria general de la Corporaci\u00f3n Municipal de Quilpu\u00e9, Patricia Colarte Troncoso, relev\u00f3 el rol multiplicador de quienes participaron: \u201cEstas personas influyen positivamente en sus vecinos, clubes y organizaciones. Los conocimientos que recibieron les permiten mejorar su calidad de vida, pero tambi\u00e9n contribuir a mejorar la calidad de vida de su entorno\u201d.<\/p>\n\n\n\n<h2 class=\"wp-block-heading\"><a><\/a><strong>Trabajo colaborativo y participaci\u00f3n comunitaria<\/strong><\/h2>\n\n\n\n<p>El proceso cont\u00f3 adem\u00e1s con la colaboraci\u00f3n de profesionales de la Universidad de Las Am\u00e9ricas, quienes desarrollaron distintas jornadas de capacitaci\u00f3n.<\/p>\n\n\n\n<p>Ann Gonz\u00e1lez, coordinadora de OTEC Capacitaci\u00f3n de la Universidad de Las Am\u00e9ricas, valor\u00f3 la experiencia y participaci\u00f3n de las personas mayores.<\/p>\n\n\n\n<p>\u201cHa sido muy gratificante trabajar con la Corporaci\u00f3n Municipal de Quilpu\u00e9. Las personas mayores fueron muy participativas y esperamos seguir generando oportunidades para acercarles la educaci\u00f3n, para que se sientan visibilizadas y consideradas, porque son una parte muy importante de nuestra sociedad que debemos cuidar y valorar\u201d.<\/p>\n\n\n\n<p>Por su parte&nbsp; Los aprendizajes ya comienzan a replicarse en los territorios. Ana Karina Milot, integrante de la Junta de Vecinos N.\u00ba 47 y usuaria del programa M\u00e1s Ama, destac\u00f3: \u201cEstoy muy contenta con esta certificaci\u00f3n y con la oportunidad de compartir estos conocimientos con nuestros vecinos. Ya estamos realizando actividades en nuestra junta de vecinos, donde adem\u00e1s de mantenernos activos f\u00edsica y cognitivamente, hemos fortalecido las relaciones sociales y el apoyo entre vecinos\u201d.<\/p>\n\n\n\n<h2 class=\"wp-block-heading\"><a><\/a><strong>Kits para continuar lo aprendido<\/strong><\/h2>\n\n\n\n<p>Durante la ceremonia, los participantes recibieron adem\u00e1s kits de estimulaci\u00f3n funcional y cognitiva, que permitir\u00e1n dar continuidad a los ejercicios aprendidos y desarrollar actividades en juntas de vecinos, centros de adultos mayores y otros espacios comunitarios.<\/p>\n\n\n\n<p>La iniciativa forma parte del trabajo que durante 2026 ha desarrollado el Programa M\u00c1S AMA, articul\u00e1ndose con la Atenci\u00f3n Primaria de Salud y distintas organizaciones sociales para acercar la promoci\u00f3n y prevenci\u00f3n a los territorios.<\/p>\n\n\n\n<p>Con la certificaci\u00f3n de nuevos l\u00edderes comunitarios, la Corporaci\u00f3n Municipal de Quilpu\u00e9 contin\u00faa fortaleciendo una Atenci\u00f3n Primaria cercana y participativa, promoviendo la autonom\u00eda, el envejecimiento activo y redes de apoyo que contribuyan al bienestar y calidad de vida de las personas mayores de la comuna.<\/p>\n","protected":false},"excerpt":{"rendered":"<p>M\u00e1s de 60 adultos&nbsp; mayores de distintos sectores de Quilpu\u00e9 fueron certificadas como L\u00edderes Comunitarios en Estimulaci\u00f3n Funcional, tras culminar un proceso formativo desarrollado por el Programa M\u00e1s Adultos Mayores Autovalentes (M\u00c1S AMA) de la Corporaci\u00f3n Municipal de Quilpu\u00e9. La iniciativa reuni\u00f3 a representantes de juntas de vecinos, centros de adultos mayores y organizaciones comunitarias&#8230;<\/p>\n","protected":false},"author":13,"featured_media":14604,"comment_status":"closed","ping_status":"open","sticky":false,"template":"","format":"standard","meta":{"_EventAllDay":false,"_EventTimezone":"","_EventStartDate":"","_EventEndDate":"","_EventStartDateUTC":"","_EventEndDateUTC":"","_EventShowMap":false,"_EventShowMapLink":false,"_EventURL":"","_EventCost":"","_EventCostDescription":"","_EventCurrencySymbol":"","_EventCurrencyCode":"","_EventCurrencyPosition":"","_EventDateTimeSeparator":"","_EventTimeRangeSeparator":"","_EventOrganizerID":[],"_EventVenueID":[],"_OrganizerEmail":"","_OrganizerPhone":"","_OrganizerWebsite":"","_VenueAddress":"","_VenueCity":"","_VenueCountry":"","_VenueProvince":"","_VenueState":"","_VenueZip":"","_VenuePhone":"","_VenueURL":"","_VenueStateProvince":"","_VenueLat":"","_VenueLng":"","_VenueShowMap":false,"_VenueShowMapLink":false,"_kadence_starter_templates_imported_post":false,"_kad_post_transparent":"","_kad_post_title":"","_kad_post_layout":"","_kad_post_sidebar_id":"","_kad_post_content_style":"","_kad_post_vertical_padding":"","_kad_post_feature":"","_kad_post_feature_position":"","_kad_post_header":false,"_kad_post_footer":false,"_kad_post_classname":"","_joinchat":[],"footnotes":""},"categories":[20],"tags":[],"class_list":["post-14600","post","type-post","status-publish","format-standard","has-post-thumbnail","hentry","category-noticias"],"_links":{"self":[{"href":"https:\/\/cmq.cl\/site\/wp-json\/wp\/v2\/posts\/14600","targetHints":{"allow":["GET"]}}],"collection":[{"href":"https:\/\/cmq.cl\/site\/wp-json\/wp\/v2\/posts"}],"about":[{"href":"https:\/\/cmq.cl\/site\/wp-json\/wp\/v2\/types\/post"}],"author":[{"embeddable":true,"href":"https:\/\/cmq.cl\/site\/wp-json\/wp\/v2\/users\/13"}],"replies":[{"embeddable":true,"href":"https:\/\/cmq.cl\/site\/wp-json\/wp\/v2\/comments?post=14600"}],"version-history":[{"count":2,"href":"https:\/\/cmq.cl\/site\/wp-json\/wp\/v2\/posts\/14600\/revisions"}],"predecessor-version":[{"id":14605,"href":"https:\/\/cmq.cl\/site\/wp-json\/wp\/v2\/posts\/14600\/revisions\/14605"}],"wp:featuredmedia":[{"embeddable":true,"href":"https:\/\/cmq.cl\/site\/wp-json\/wp\/v2\/media\/14604"}],"wp:attachment":[{"href":"https:\/\/cmq.cl\/site\/wp-json\/wp\/v2\/media?parent=14600"}],"wp:term":[{"taxonomy":"category","embeddable":true,"href":"https:\/\/cmq.cl\/site\/wp-json\/wp\/v2\/categories?post=14600"},{"taxonomy":"post_tag","embeddable":true,"href":"https:\/\/cmq.cl\/site\/wp-json\/wp\/v2\/tags?post=14600"}],"curies":[{"name":"wp","href":"https:\/\/api.w.org\/{rel}","templated":true}]}}