{"id":14606,"date":"2026-08-05T22:14:00","date_gmt":"2026-08-06T02:14:00","guid":{"rendered":"https:\/\/cmq.cl\/site\/?p=14606"},"modified":"2026-08-30T22:16:18","modified_gmt":"2026-08-31T02:16:18","slug":"corporacion-municipal-de-quilpue-realizo-la-primera-feria-de-salud-intercultural-para-promover-el-bienestar-y-los-saberes-ancestrales","status":"publish","type":"post","link":"https:\/\/cmq.cl\/site\/corporacion-municipal-de-quilpue-realizo-la-primera-feria-de-salud-intercultural-para-promover-el-bienestar-y-los-saberes-ancestrales\/","title":{"rendered":"Corporaci\u00f3n Municipal de Quilpu\u00e9 realiz\u00f3 la primera Feria de Salud Intercultural para promover el bienestar y los saberes ancestrales"},"content":{"rendered":"\n<figure class=\"wp-block-image size-full\"><img loading=\"lazy\" decoding=\"async\" width=\"733\" height=\"543\" src=\"https:\/\/cmq.cl\/site\/wp-content\/uploads\/2026\/08\/Captura-de-pantalla-2026-08-30-221330.png\" alt=\"\" class=\"wp-image-14608\"\/><\/figure>\n\n\n\n<p>Con el prop\u00f3sito de promover el bienestar, el autocuidado y el reconocimiento de los saberes ancestrales, la Corporaci\u00f3n Municipal de Quilpu\u00e9, a trav\u00e9s del Programa Especial de Salud y Pueblos Ind\u00edgenas (PESPI), realiz\u00f3 la primera Feria de Salud Intercultural, una actividad abierta a toda la comunidad que reuni\u00f3 a vecinos y vecinas en torno a una mirada integral e intercultural de la salud.<\/p>\n\n\n\n<p>La jornada congreg\u00f3 a profesionales de la Atenci\u00f3n Primaria de Salud, equipos del Programa Especial de Salud y Pueblos Ind\u00edgenas (PESPI), representantes de los pueblos originarios y diversas organizaciones comunitarias, quienes compartieron conocimientos y experiencias para fortalecer el di\u00e1logo entre la medicina occidental y la medicina ancestral.<\/p>\n\n\n\n<p>Durante la actividad, las y los asistentes accedieron gratuitamente a prestaciones de salud, entre ellas atenci\u00f3n m\u00e9dica, de matrona y odontol\u00f3gica. Asimismo, participaron en talleres de hierbas medicinales, huertos y alm\u00e1cigos, adem\u00e1s de recorrer stands informativos orientados a la promoci\u00f3n de la salud, la prevenci\u00f3n de enfermedades y el fortalecimiento del autocuidado.<\/p>\n\n\n\n<p>El facilitador intercultural del Programa Especial de Salud y Pueblos Ind\u00edgenas (PESPI), Daniel Machuca Menay, destac\u00f3 que esta feria permiti\u00f3 acercar a la comunidad a una atenci\u00f3n con pertinencia cultural y poner en valor los conocimientos ancestrales de los pueblos originarios.<\/p>\n\n\n\n<p>\u00abEsta feria es una oportunidad para que la comunidad conozca el trabajo que realizamos a trav\u00e9s del Programa PESPI y la importancia de integrar los conocimientos ancestrales a la promoci\u00f3n de la salud. Durante todo el a\u00f1o desarrollamos talleres y actividades en los centros de atenci\u00f3n primaria, fortaleciendo una salud preventiva con identidad cultural e invitando a las personas a acercarse y participar de estos espacios.\u00bb<\/p>\n\n\n\n<p>Por su parte, la secretaria general de la Corporaci\u00f3n Municipal de Quilpu\u00e9, Patricia Colarte Troncoso, valor\u00f3 el desarrollo de esta primera feria y destac\u00f3 la importancia de generar espacios que fortalezcan una atenci\u00f3n de salud m\u00e1s cercana e inclusiva.<\/p>\n\n\n\n<p>\u00abEstamos muy contentos de acompa\u00f1ar esta primera Feria de Salud Intercultural, donde distintas organizaciones comparten sus conocimientos y tradiciones en torno al cuidado de la salud. Como Corporaci\u00f3n Municipal creemos que es fundamental promover una atenci\u00f3n que, adem\u00e1s de nuestro modelo de salud familiar, incorpore los saberes ancestrales y el trabajo preventivo. Invitamos a toda la comunidad a conocer el Programa PESPI y a acercarse a nuestros centros de salud para participar de estas iniciativas que fortalecen el bienestar y ponen en valor nuestras ra\u00edces.\u00bb<\/p>\n\n\n\n<p>La Feria de Salud Intercultural busc\u00f3 fortalecer la promoci\u00f3n de la salud, fomentar el autocuidado y reconocer la riqueza cultural de los pueblos originarios, generando un espacio de encuentro, aprendizaje y participaci\u00f3n para toda la comunidad.<\/p>\n\n\n\n<p>Con iniciativas como esta, la Corporaci\u00f3n Municipal de Quilpu\u00e9 reafirma su compromiso con una Atenci\u00f3n Primaria de Salud m\u00e1s cercana, inclusiva y con pertinencia cultural, impulsando acciones que promuevan el bienestar integral de las personas y valoren la diversidad de conocimientos y tradiciones presentes en la comuna<\/p>\n\n\n\n<figure class=\"wp-block-image size-full\"><img loading=\"lazy\" decoding=\"async\" width=\"825\" height=\"538\" src=\"https:\/\/cmq.cl\/site\/wp-content\/uploads\/2026\/08\/Captura-de-pantalla-2026-08-30-221321.png\" alt=\"\" class=\"wp-image-14607\"\/><\/figure>\n","protected":false},"excerpt":{"rendered":"<p>Con el prop\u00f3sito de promover el bienestar, el autocuidado y el reconocimiento de los saberes ancestrales, la Corporaci\u00f3n Municipal de Quilpu\u00e9, a trav\u00e9s del Programa Especial de Salud y Pueblos Ind\u00edgenas (PESPI), realiz\u00f3 la primera Feria de Salud Intercultural, una actividad abierta a toda la comunidad que reuni\u00f3 a vecinos y vecinas en torno a&#8230;<\/p>\n","protected":false},"author":13,"featured_media":14607,"comment_status":"closed","ping_status":"open","sticky":false,"template":"","format":"standard","meta":{"_EventAllDay":false,"_EventTimezone":"","_EventStartDate":"","_EventEndDate":"","_EventStartDateUTC":"","_EventEndDateUTC":"","_EventShowMap":false,"_EventShowMapLink":false,"_EventURL":"","_EventCost":"","_EventCostDescription":"","_EventCurrencySymbol":"","_EventCurrencyCode":"","_EventCurrencyPosition":"","_EventDateTimeSeparator":"","_EventTimeRangeSeparator":"","_EventOrganizerID":[],"_EventVenueID":[],"_OrganizerEmail":"","_OrganizerPhone":"","_OrganizerWebsite":"","_VenueAddress":"","_VenueCity":"","_VenueCountry":"","_VenueProvince":"","_VenueState":"","_VenueZip":"","_VenuePhone":"","_VenueURL":"","_VenueStateProvince":"","_VenueLat":"","_VenueLng":"","_VenueShowMap":false,"_VenueShowMapLink":false,"_kadence_starter_templates_imported_post":false,"_kad_post_transparent":"","_kad_post_title":"","_kad_post_layout":"","_kad_post_sidebar_id":"","_kad_post_content_style":"","_kad_post_vertical_padding":"","_kad_post_feature":"","_kad_post_feature_position":"","_kad_post_header":false,"_kad_post_footer":false,"_kad_post_classname":"","_joinchat":[],"footnotes":""},"categories":[20],"tags":[],"class_list":["post-14606","post","type-post","status-publish","format-standard","has-post-thumbnail","hentry","category-noticias"],"_links":{"self":[{"href":"https:\/\/cmq.cl\/site\/wp-json\/wp\/v2\/posts\/14606","targetHints":{"allow":["GET"]}}],"collection":[{"href":"https:\/\/cmq.cl\/site\/wp-json\/wp\/v2\/posts"}],"about":[{"href":"https:\/\/cmq.cl\/site\/wp-json\/wp\/v2\/types\/post"}],"author":[{"embeddable":true,"href":"https:\/\/cmq.cl\/site\/wp-json\/wp\/v2\/users\/13"}],"replies":[{"embeddable":true,"href":"https:\/\/cmq.cl\/site\/wp-json\/wp\/v2\/comments?post=14606"}],"version-history":[{"count":1,"href":"https:\/\/cmq.cl\/site\/wp-json\/wp\/v2\/posts\/14606\/revisions"}],"predecessor-version":[{"id":14609,"href":"https:\/\/cmq.cl\/site\/wp-json\/wp\/v2\/posts\/14606\/revisions\/14609"}],"wp:featuredmedia":[{"embeddable":true,"href":"https:\/\/cmq.cl\/site\/wp-json\/wp\/v2\/media\/14607"}],"wp:attachment":[{"href":"https:\/\/cmq.cl\/site\/wp-json\/wp\/v2\/media?parent=14606"}],"wp:term":[{"taxonomy":"category","embeddable":true,"href":"https:\/\/cmq.cl\/site\/wp-json\/wp\/v2\/categories?post=14606"},{"taxonomy":"post_tag","embeddable":true,"href":"https:\/\/cmq.cl\/site\/wp-json\/wp\/v2\/tags?post=14606"}],"curies":[{"name":"wp","href":"https:\/\/api.w.org\/{rel}","templated":true}]}}