{"id":14610,"date":"2026-07-25T22:23:08","date_gmt":"2026-07-26T02:23:08","guid":{"rendered":"https:\/\/cmq.cl\/site\/?p=14610"},"modified":"2026-08-30T22:26:35","modified_gmt":"2026-08-31T02:26:35","slug":"subsecretario-de-redes-asistenciales-destaca-continuidad-de-la-atencion-primaria-en-quilpue-durante-emergencia-por-sistema-frontal","status":"publish","type":"post","link":"https:\/\/cmq.cl\/site\/subsecretario-de-redes-asistenciales-destaca-continuidad-de-la-atencion-primaria-en-quilpue-durante-emergencia-por-sistema-frontal\/","title":{"rendered":"Subsecretario de Redes Asistenciales destaca continuidad de la Atenci\u00f3n Primaria en Quilpu\u00e9 durante emergencia por sistema frontal"},"content":{"rendered":"\n<figure class=\"wp-block-image size-full\"><img loading=\"lazy\" decoding=\"async\" width=\"792\" height=\"582\" src=\"https:\/\/cmq.cl\/site\/wp-content\/uploads\/2026\/08\/Captura-de-pantalla-2026-08-30-221950.png\" alt=\"\" class=\"wp-image-14611\"\/><\/figure>\n\n\n\n<p><strong><em>La autoridad&nbsp; recorri\u00f3 establecimientos de salud junto a la alcaldesa Carolina Corti, valorando la respuesta de la red comunal y el avance del futuro CECOSF El Boldo, proyecto que fortalecer\u00e1 la Atenci\u00f3n Primaria para m\u00e1s de 5 mil vecinos y vecinas.<\/em><\/strong><\/p>\n\n\n\n<p>En el marco de la emergencia provocada por el sistema frontal que afect\u00f3 a la Regi\u00f3n de Valpara\u00edso, el subsecretario de Redes Asistenciales, Julio Montt Vidal; la seremi de Salud, Mariol Luan P\u00e9rez; y el director (s) del Servicio de Salud Vi\u00f1a del Mar\u2013Quillota Petorca, Haroldo Fa\u00fandez Romero, visitaron la comuna de Quilpu\u00e9 junto a la alcaldesa Carolina Corti Bad\u00eda, con el prop\u00f3sito de conocer en terreno la respuesta de la red de Atenci\u00f3n Primaria frente a la contingencia.<\/p>\n\n\n\n<p>La jornada comenz\u00f3 con la participaci\u00f3n en el COGRID Comunal y continu\u00f3 con un recorrido por el CECOSF El Retiro, el CESFAM Pompeya y las obras del futuro CECOSF El Boldo, iniciativa que contempla una inversi\u00f3n superior a los $960 millones y beneficiar\u00e1 a m\u00e1s de 5.000 vecinos y vecinas de Pompeya, Villa Ol\u00edmpica y sectores aleda\u00f1os.<\/p>\n\n\n\n<p>Durante la visita, las autoridades constataron el trabajo desarrollado por los equipos de salud para mantener la continuidad de la atenci\u00f3n, pese a las intensas lluvias, filtraciones y reiterados cortes de energ\u00eda que afectaron a la comuna.<\/p>\n\n\n\n<p>Gracias al plan de contingencia implementado por la Corporaci\u00f3n Municipal de Quilpu\u00e9, se desplegaron equipos cl\u00ednicos y de mantenci\u00f3n, se activaron generadores el\u00e9ctricos para asegurar el funcionamiento de los servicios esenciales y se ejecutaron trabajos preventivos y correctivos en toda la red de salud.<\/p>\n\n\n\n<p>Como resultado de estas acciones, ning\u00fan CESFAM suspendi\u00f3 sus atenciones y los dispositivos de urgencia permanecieron operativos durante toda la emergencia, garantizando la atenci\u00f3n oportuna de la comunidad.<\/p>\n\n\n\n<h3 class=\"wp-block-heading\"><a><\/a><strong>Subsecretario valor\u00f3 la respuesta de la Atenci\u00f3n Primaria<\/strong><\/h3>\n\n\n\n<p>El subsecretario de Redes Asistenciales, Julio Montt Vidal, destac\u00f3 el funcionamiento ininterrumpido de la red de salud durante la emergencia y el compromiso de los equipos de Atenci\u00f3n Primaria.<\/p>\n\n\n\n<p><em>\u00abLa Atenci\u00f3n Primaria constituye la primera l\u00ednea de respuesta frente a las necesidades de salud de la comunidad. Queremos reconocer el tremendo trabajo realizado por los funcionarios y funcionarias, quienes han permitido que el sistema contin\u00fae funcionando pese a las dif\u00edciles condiciones que ha enfrentado la regi\u00f3n.\u00bb<\/em><\/p>\n\n\n\n<p>La autoridad agreg\u00f3 que la evaluaci\u00f3n realizada durante la emergencia ha sido positiva.<\/p>\n\n\n\n<p><em>\u00abEl sistema de salud ha respondido adecuadamente. Tanto la Atenci\u00f3n Primaria como la red hospitalaria se han mantenido permanentemente operativas, lo que demuestra una buena coordinaci\u00f3n institucional y, sobre todo, el compromiso de los equipos de salud, cuyo trabajo merece ser reconocido.\u00bb<\/em><\/p>\n\n\n\n<h3 class=\"wp-block-heading\"><a><\/a><strong>Alcaldesa destac\u00f3 el trabajo municipal y la respuesta sanitaria<\/strong><\/h3>\n\n\n\n<p>La alcaldesa de Quilpu\u00e9, Carolina Corti Bad\u00eda, realiz\u00f3 un balance de la emergencia, se\u00f1alando que el n\u00famero de personas albergadas ha disminuido a 61, mientras que cerca de 1.600 personas han resultado damnificadas producto del sistema frontal. Asimismo, inform\u00f3 que ya se han aplicado 263 fichas FIBE, cifra que continuar\u00e1 aumentando a medida que avancen las evaluaciones en terreno.<\/p>\n\n\n\n<p><em>\u00abQuiero reconocer el tremendo trabajo que ha realizado el equipo municipal y todos los funcionarios que han enfrentado esta emergencia. Hoy, junto al subsecretario de Redes Asistenciales, recorrimos nuestros establecimientos de Atenci\u00f3n Primaria para revisar en terreno las afectaciones y el trabajo que se ha desarrollado para mantener la atenci\u00f3n de salud de nuestros vecinos y vecinas.\u00bb<\/em><\/p>\n","protected":false},"excerpt":{"rendered":"<p>La autoridad&nbsp; recorri\u00f3 establecimientos de salud junto a la alcaldesa Carolina Corti, valorando la respuesta de la red comunal y el avance del futuro CECOSF El Boldo, proyecto que fortalecer\u00e1 la Atenci\u00f3n Primaria para m\u00e1s de 5 mil vecinos y vecinas. En el marco de la emergencia provocada por el sistema frontal que afect\u00f3 a&#8230;<\/p>\n","protected":false},"author":13,"featured_media":14611,"comment_status":"closed","ping_status":"open","sticky":false,"template":"","format":"standard","meta":{"_EventAllDay":false,"_EventTimezone":"","_EventStartDate":"","_EventEndDate":"","_EventStartDateUTC":"","_EventEndDateUTC":"","_EventShowMap":false,"_EventShowMapLink":false,"_EventURL":"","_EventCost":"","_EventCostDescription":"","_EventCurrencySymbol":"","_EventCurrencyCode":"","_EventCurrencyPosition":"","_EventDateTimeSeparator":"","_EventTimeRangeSeparator":"","_EventOrganizerID":[],"_EventVenueID":[],"_OrganizerEmail":"","_OrganizerPhone":"","_OrganizerWebsite":"","_VenueAddress":"","_VenueCity":"","_VenueCountry":"","_VenueProvince":"","_VenueState":"","_VenueZip":"","_VenuePhone":"","_VenueURL":"","_VenueStateProvince":"","_VenueLat":"","_VenueLng":"","_VenueShowMap":false,"_VenueShowMapLink":false,"_kadence_starter_templates_imported_post":false,"_kad_post_transparent":"","_kad_post_title":"","_kad_post_layout":"","_kad_post_sidebar_id":"","_kad_post_content_style":"","_kad_post_vertical_padding":"","_kad_post_feature":"","_kad_post_feature_position":"","_kad_post_header":false,"_kad_post_footer":false,"_kad_post_classname":"","_joinchat":[],"footnotes":""},"categories":[20],"tags":[],"class_list":["post-14610","post","type-post","status-publish","format-standard","has-post-thumbnail","hentry","category-noticias"],"_links":{"self":[{"href":"https:\/\/cmq.cl\/site\/wp-json\/wp\/v2\/posts\/14610","targetHints":{"allow":["GET"]}}],"collection":[{"href":"https:\/\/cmq.cl\/site\/wp-json\/wp\/v2\/posts"}],"about":[{"href":"https:\/\/cmq.cl\/site\/wp-json\/wp\/v2\/types\/post"}],"author":[{"embeddable":true,"href":"https:\/\/cmq.cl\/site\/wp-json\/wp\/v2\/users\/13"}],"replies":[{"embeddable":true,"href":"https:\/\/cmq.cl\/site\/wp-json\/wp\/v2\/comments?post=14610"}],"version-history":[{"count":1,"href":"https:\/\/cmq.cl\/site\/wp-json\/wp\/v2\/posts\/14610\/revisions"}],"predecessor-version":[{"id":14612,"href":"https:\/\/cmq.cl\/site\/wp-json\/wp\/v2\/posts\/14610\/revisions\/14612"}],"wp:featuredmedia":[{"embeddable":true,"href":"https:\/\/cmq.cl\/site\/wp-json\/wp\/v2\/media\/14611"}],"wp:attachment":[{"href":"https:\/\/cmq.cl\/site\/wp-json\/wp\/v2\/media?parent=14610"}],"wp:term":[{"taxonomy":"category","embeddable":true,"href":"https:\/\/cmq.cl\/site\/wp-json\/wp\/v2\/categories?post=14610"},{"taxonomy":"post_tag","embeddable":true,"href":"https:\/\/cmq.cl\/site\/wp-json\/wp\/v2\/tags?post=14610"}],"curies":[{"name":"wp","href":"https:\/\/api.w.org\/{rel}","templated":true}]}}