{"id":14733,"date":"2026-08-05T22:09:44","date_gmt":"2026-08-06T02:09:44","guid":{"rendered":"https:\/\/cmq.cl\/site\/?p=14733"},"modified":"2026-09-03T22:10:03","modified_gmt":"2026-09-04T02:10:03","slug":"reinauguramos-un-espacio-que-protege-acompana-y-promueve-la-lactancia-materna","status":"publish","type":"post","link":"https:\/\/cmq.cl\/site\/reinauguramos-un-espacio-que-protege-acompana-y-promueve-la-lactancia-materna\/","title":{"rendered":"Reinauguramos un espacio que protege, acompa\u00f1a y promueve la lactancia materna"},"content":{"rendered":"\n<figure class=\"wp-block-image size-full\"><img loading=\"lazy\" decoding=\"async\" width=\"1024\" height=\"682\" src=\"https:\/\/cmq.cl\/site\/wp-content\/uploads\/2026\/09\/764720048_18334638604248083_8837898575679470153_n.jpg\" alt=\"\" class=\"wp-image-14735\"\/><\/figure>\n\n\n\n<p><\/p>\n\n\n\n<p>En el marco de la Semana Mundial de la Lactancia Materna, reinauguramos la Sala de Lactancia de la Feria Municipal El Belloto, un espacio \u00fanico a nivel nacional por ser la \u00fanica sala de lactancia ubicada al interior de una feria municipal.<\/p>\n\n\n\n<p>Este proyecto, financiado a trav\u00e9s de FONDEVE 2024 con enfoque de g\u00e9nero, es administrado por la Agrupaci\u00f3n Bienestar Social Feria Municipal y, desde su creaci\u00f3n, ha brindado acogida a cerca de mil personas cada a\u00f1o.<\/p>\n\n\n\n<p>La jornada, organizada por la Oficina de Ferias Comunales, la Corporaci\u00f3n Municipal de Quilpu\u00e9 y el CESFAM Belloto Sur, incluy\u00f3 adem\u00e1s un Operativo de Salud, entrega de informaci\u00f3n a la comunidad y una presentaci\u00f3n de danza porteo, promoviendo la lactancia materna, el apego y la crianza respetuosa.<\/p>\n\n\n\n<figure class=\"wp-block-image size-full\"><img loading=\"lazy\" decoding=\"async\" width=\"1080\" height=\"720\" src=\"https:\/\/cmq.cl\/site\/wp-content\/uploads\/2026\/09\/763433809_18334638532248083_1820929561489353002_n.jpg\" alt=\"\" class=\"wp-image-14734\"\/><\/figure>\n\n\n\n<p><img loading=\"lazy\" decoding=\"async\" height=\"16\" width=\"16\" alt=\"\ud83d\udc99\" src=\"https:\/\/static.xx.fbcdn.net\/images\/emoji.php\/v9\/t6c\/1\/16\/1f499.png\"> Seguimos acercando la salud a la comunidad y fortaleciendo espacios que apoyan a las familias de Quilpu\u00e9.<\/p>\n","protected":false},"excerpt":{"rendered":"<p>En el marco de la Semana Mundial de la Lactancia Materna, reinauguramos la Sala de Lactancia de la Feria Municipal El Belloto, un espacio \u00fanico a nivel nacional por ser la \u00fanica sala de lactancia ubicada al interior de una feria municipal. Este proyecto, financiado a trav\u00e9s de FONDEVE 2024 con enfoque de g\u00e9nero, es&#8230;<\/p>\n","protected":false},"author":13,"featured_media":14735,"comment_status":"closed","ping_status":"open","sticky":false,"template":"","format":"standard","meta":{"_EventAllDay":false,"_EventTimezone":"","_EventStartDate":"","_EventEndDate":"","_EventStartDateUTC":"","_EventEndDateUTC":"","_EventShowMap":false,"_EventShowMapLink":false,"_EventURL":"","_EventCost":"","_EventCostDescription":"","_EventCurrencySymbol":"","_EventCurrencyCode":"","_EventCurrencyPosition":"","_EventDateTimeSeparator":"","_EventTimeRangeSeparator":"","_EventOrganizerID":[],"_EventVenueID":[],"_OrganizerEmail":"","_OrganizerPhone":"","_OrganizerWebsite":"","_VenueAddress":"","_VenueCity":"","_VenueCountry":"","_VenueProvince":"","_VenueState":"","_VenueZip":"","_VenuePhone":"","_VenueURL":"","_VenueStateProvince":"","_VenueLat":"","_VenueLng":"","_VenueShowMap":false,"_VenueShowMapLink":false,"_kadence_starter_templates_imported_post":false,"_kad_post_transparent":"","_kad_post_title":"","_kad_post_layout":"","_kad_post_sidebar_id":"","_kad_post_content_style":"","_kad_post_vertical_padding":"","_kad_post_feature":"","_kad_post_feature_position":"","_kad_post_header":false,"_kad_post_footer":false,"_kad_post_classname":"","_joinchat":[],"footnotes":""},"categories":[20],"tags":[],"class_list":["post-14733","post","type-post","status-publish","format-standard","has-post-thumbnail","hentry","category-noticias"],"_links":{"self":[{"href":"https:\/\/cmq.cl\/site\/wp-json\/wp\/v2\/posts\/14733","targetHints":{"allow":["GET"]}}],"collection":[{"href":"https:\/\/cmq.cl\/site\/wp-json\/wp\/v2\/posts"}],"about":[{"href":"https:\/\/cmq.cl\/site\/wp-json\/wp\/v2\/types\/post"}],"author":[{"embeddable":true,"href":"https:\/\/cmq.cl\/site\/wp-json\/wp\/v2\/users\/13"}],"replies":[{"embeddable":true,"href":"https:\/\/cmq.cl\/site\/wp-json\/wp\/v2\/comments?post=14733"}],"version-history":[{"count":1,"href":"https:\/\/cmq.cl\/site\/wp-json\/wp\/v2\/posts\/14733\/revisions"}],"predecessor-version":[{"id":14736,"href":"https:\/\/cmq.cl\/site\/wp-json\/wp\/v2\/posts\/14733\/revisions\/14736"}],"wp:featuredmedia":[{"embeddable":true,"href":"https:\/\/cmq.cl\/site\/wp-json\/wp\/v2\/media\/14735"}],"wp:attachment":[{"href":"https:\/\/cmq.cl\/site\/wp-json\/wp\/v2\/media?parent=14733"}],"wp:term":[{"taxonomy":"category","embeddable":true,"href":"https:\/\/cmq.cl\/site\/wp-json\/wp\/v2\/categories?post=14733"},{"taxonomy":"post_tag","embeddable":true,"href":"https:\/\/cmq.cl\/site\/wp-json\/wp\/v2\/tags?post=14733"}],"curies":[{"name":"wp","href":"https:\/\/api.w.org\/{rel}","templated":true}]}}