{"id":14737,"date":"2026-08-06T22:17:31","date_gmt":"2026-08-07T02:17:31","guid":{"rendered":"https:\/\/cmq.cl\/site\/?p=14737"},"modified":"2026-09-03T22:23:48","modified_gmt":"2026-09-04T02:23:48","slug":"comenzaron-las-capacitaciones-para-lideres-comunitarios-del-programa-mas-adultos-mayores-autovalentes","status":"publish","type":"post","link":"https:\/\/cmq.cl\/site\/comenzaron-las-capacitaciones-para-lideres-comunitarios-del-programa-mas-adultos-mayores-autovalentes\/","title":{"rendered":"\u00a1Comenzaron las capacitaciones para l\u00edderes comunitarios del programa M\u00e1s Adultos Mayores Autovalentes!"},"content":{"rendered":"\n<figure class=\"wp-block-image size-full\"><img loading=\"lazy\" decoding=\"async\" width=\"1600\" height=\"1066\" src=\"https:\/\/cmq.cl\/site\/wp-content\/uploads\/2026\/09\/WhatsApp-Image-2026-09-03-at-10.16.18-PM-1.jpeg\" alt=\"\" class=\"wp-image-14738\"\/><\/figure>\n\n\n\n<p>Con entusiasmo dimos inicio a una nueva jornada de formaci\u00f3n que re\u00fane a l\u00edderes comunitarios de distintos sectores urbanos y rurales de nuestra comuna, quienes participan activamente del programa M\u00e1s Adultos Mayores Autovalentes.<\/p>\n\n\n\n<p>Durante estas capacitaciones, las y los participantes fortalecer\u00e1n sus conocimientos en estimulaci\u00f3n funcional, adquiriendo herramientas que les permitir\u00e1n promover el autocuidado, mantener la funcionalidad y mejorar la calidad de vida de las personas mayores en sus comunidades.<\/p>\n\n\n\n<p>Porque fortalecer el trabajo comunitario es tambi\u00e9n fortalecer la salud y el bienestar de nuestras personas mayores<\/p>\n\n\n\n<figure class=\"wp-block-gallery has-nested-images columns-default is-cropped wp-block-gallery-1 is-layout-flex wp-block-gallery-is-layout-flex\"><\/figure>\n","protected":false},"excerpt":{"rendered":"<p>Con entusiasmo dimos inicio a una nueva jornada de formaci\u00f3n que re\u00fane a l\u00edderes comunitarios de distintos sectores urbanos y rurales de nuestra comuna, quienes participan activamente del programa M\u00e1s Adultos Mayores Autovalentes. Durante estas capacitaciones, las y los participantes fortalecer\u00e1n sus conocimientos en estimulaci\u00f3n funcional, adquiriendo herramientas que les permitir\u00e1n promover el autocuidado, mantener&#8230;<\/p>\n","protected":false},"author":13,"featured_media":14738,"comment_status":"closed","ping_status":"open","sticky":false,"template":"","format":"standard","meta":{"_EventAllDay":false,"_EventTimezone":"","_EventStartDate":"","_EventEndDate":"","_EventStartDateUTC":"","_EventEndDateUTC":"","_EventShowMap":false,"_EventShowMapLink":false,"_EventURL":"","_EventCost":"","_EventCostDescription":"","_EventCurrencySymbol":"","_EventCurrencyCode":"","_EventCurrencyPosition":"","_EventDateTimeSeparator":"","_EventTimeRangeSeparator":"","_EventOrganizerID":[],"_EventVenueID":[],"_OrganizerEmail":"","_OrganizerPhone":"","_OrganizerWebsite":"","_VenueAddress":"","_VenueCity":"","_VenueCountry":"","_VenueProvince":"","_VenueState":"","_VenueZip":"","_VenuePhone":"","_VenueURL":"","_VenueStateProvince":"","_VenueLat":"","_VenueLng":"","_VenueShowMap":false,"_VenueShowMapLink":false,"_kadence_starter_templates_imported_post":false,"_kad_post_transparent":"","_kad_post_title":"","_kad_post_layout":"","_kad_post_sidebar_id":"","_kad_post_content_style":"","_kad_post_vertical_padding":"","_kad_post_feature":"","_kad_post_feature_position":"","_kad_post_header":false,"_kad_post_footer":false,"_kad_post_classname":"","_joinchat":[],"footnotes":""},"categories":[20],"tags":[],"class_list":["post-14737","post","type-post","status-publish","format-standard","has-post-thumbnail","hentry","category-noticias"],"_links":{"self":[{"href":"https:\/\/cmq.cl\/site\/wp-json\/wp\/v2\/posts\/14737","targetHints":{"allow":["GET"]}}],"collection":[{"href":"https:\/\/cmq.cl\/site\/wp-json\/wp\/v2\/posts"}],"about":[{"href":"https:\/\/cmq.cl\/site\/wp-json\/wp\/v2\/types\/post"}],"author":[{"embeddable":true,"href":"https:\/\/cmq.cl\/site\/wp-json\/wp\/v2\/users\/13"}],"replies":[{"embeddable":true,"href":"https:\/\/cmq.cl\/site\/wp-json\/wp\/v2\/comments?post=14737"}],"version-history":[{"count":3,"href":"https:\/\/cmq.cl\/site\/wp-json\/wp\/v2\/posts\/14737\/revisions"}],"predecessor-version":[{"id":14746,"href":"https:\/\/cmq.cl\/site\/wp-json\/wp\/v2\/posts\/14737\/revisions\/14746"}],"wp:featuredmedia":[{"embeddable":true,"href":"https:\/\/cmq.cl\/site\/wp-json\/wp\/v2\/media\/14738"}],"wp:attachment":[{"href":"https:\/\/cmq.cl\/site\/wp-json\/wp\/v2\/media?parent=14737"}],"wp:term":[{"taxonomy":"category","embeddable":true,"href":"https:\/\/cmq.cl\/site\/wp-json\/wp\/v2\/categories?post=14737"},{"taxonomy":"post_tag","embeddable":true,"href":"https:\/\/cmq.cl\/site\/wp-json\/wp\/v2\/tags?post=14737"}],"curies":[{"name":"wp","href":"https:\/\/api.w.org\/{rel}","templated":true}]}}