{"id":14747,"date":"2026-08-10T22:25:48","date_gmt":"2026-08-11T02:25:48","guid":{"rendered":"https:\/\/cmq.cl\/site\/?p=14747"},"modified":"2026-09-03T22:26:02","modified_gmt":"2026-09-04T02:26:02","slug":"corporacion-municipal-de-quilpue-fortalece-la-innovacion-y-el-trabajo-en-red-en-salud","status":"publish","type":"post","link":"https:\/\/cmq.cl\/site\/corporacion-municipal-de-quilpue-fortalece-la-innovacion-y-el-trabajo-en-red-en-salud\/","title":{"rendered":"Corporaci\u00f3n Municipal de Quilpu\u00e9 fortalece la innovaci\u00f3n y el trabajo en red en salud"},"content":{"rendered":"\n<figure class=\"wp-block-gallery has-nested-images columns-default is-cropped wp-block-gallery-1 is-layout-flex wp-block-gallery-is-layout-flex\">\n<figure class=\"wp-block-image size-large\"><img loading=\"lazy\" decoding=\"async\" width=\"897\" height=\"532\" data-id=\"14748\" src=\"https:\/\/cmq.cl\/site\/wp-content\/uploads\/2026\/09\/765818034_18334731607248083_2887940918222556963_n.jpg\" alt=\"\" class=\"wp-image-14748\"\/><\/figure>\n<\/figure>\n\n\n\n<p>La <strong>Unidad de TICs e Innovaci\u00f3n de la Corporaci\u00f3n Municipal de Quilpu\u00e9<\/strong> realiz\u00f3 una nueva jornada de coordinaci\u00f3n junto a los referentes inform\u00e1ticos de los distintos establecimientos de la red de salud comunal.<\/p>\n\n\n\n<p>El encuentro permiti\u00f3 revisar los avances desarrollados durante el per\u00edodo, definir nuevos objetivos y desaf\u00edos, y fortalecer el trabajo colaborativo entre los equipos.<\/p>\n\n\n\n<p>Estas instancias buscan avanzar hacia una <strong>gesti\u00f3n tecnol\u00f3gica m\u00e1s eficiente, integrada e innovadora<\/strong>, poniendo las herramientas digitales al servicio de los equipos de salud y contribuyendo a mejorar continuamente la atenci\u00f3n que reciben nuestras vecinas y vecinos.<\/p>\n\n\n\n<p><strong>Seguimos fortaleciendo una red de salud municipal conectada, moderna y al servicio de la comunidad.<\/strong><\/p>\n","protected":false},"excerpt":{"rendered":"<p>La Unidad de TICs e Innovaci\u00f3n de la Corporaci\u00f3n Municipal de Quilpu\u00e9 realiz\u00f3 una nueva jornada de coordinaci\u00f3n junto a los referentes inform\u00e1ticos de los distintos establecimientos de la red de salud comunal. El encuentro permiti\u00f3 revisar los avances desarrollados durante el per\u00edodo, definir nuevos objetivos y desaf\u00edos, y fortalecer el trabajo colaborativo entre los&#8230;<\/p>\n","protected":false},"author":13,"featured_media":14748,"comment_status":"closed","ping_status":"open","sticky":false,"template":"","format":"standard","meta":{"_EventAllDay":false,"_EventTimezone":"","_EventStartDate":"","_EventEndDate":"","_EventStartDateUTC":"","_EventEndDateUTC":"","_EventShowMap":false,"_EventShowMapLink":false,"_EventURL":"","_EventCost":"","_EventCostDescription":"","_EventCurrencySymbol":"","_EventCurrencyCode":"","_EventCurrencyPosition":"","_EventDateTimeSeparator":"","_EventTimeRangeSeparator":"","_EventOrganizerID":[],"_EventVenueID":[],"_OrganizerEmail":"","_OrganizerPhone":"","_OrganizerWebsite":"","_VenueAddress":"","_VenueCity":"","_VenueCountry":"","_VenueProvince":"","_VenueState":"","_VenueZip":"","_VenuePhone":"","_VenueURL":"","_VenueStateProvince":"","_VenueLat":"","_VenueLng":"","_VenueShowMap":false,"_VenueShowMapLink":false,"_kadence_starter_templates_imported_post":false,"_kad_post_transparent":"","_kad_post_title":"","_kad_post_layout":"","_kad_post_sidebar_id":"","_kad_post_content_style":"","_kad_post_vertical_padding":"","_kad_post_feature":"","_kad_post_feature_position":"","_kad_post_header":false,"_kad_post_footer":false,"_kad_post_classname":"","_joinchat":[],"footnotes":""},"categories":[20],"tags":[],"class_list":["post-14747","post","type-post","status-publish","format-standard","has-post-thumbnail","hentry","category-noticias"],"_links":{"self":[{"href":"https:\/\/cmq.cl\/site\/wp-json\/wp\/v2\/posts\/14747","targetHints":{"allow":["GET"]}}],"collection":[{"href":"https:\/\/cmq.cl\/site\/wp-json\/wp\/v2\/posts"}],"about":[{"href":"https:\/\/cmq.cl\/site\/wp-json\/wp\/v2\/types\/post"}],"author":[{"embeddable":true,"href":"https:\/\/cmq.cl\/site\/wp-json\/wp\/v2\/users\/13"}],"replies":[{"embeddable":true,"href":"https:\/\/cmq.cl\/site\/wp-json\/wp\/v2\/comments?post=14747"}],"version-history":[{"count":1,"href":"https:\/\/cmq.cl\/site\/wp-json\/wp\/v2\/posts\/14747\/revisions"}],"predecessor-version":[{"id":14749,"href":"https:\/\/cmq.cl\/site\/wp-json\/wp\/v2\/posts\/14747\/revisions\/14749"}],"wp:featuredmedia":[{"embeddable":true,"href":"https:\/\/cmq.cl\/site\/wp-json\/wp\/v2\/media\/14748"}],"wp:attachment":[{"href":"https:\/\/cmq.cl\/site\/wp-json\/wp\/v2\/media?parent=14747"}],"wp:term":[{"taxonomy":"category","embeddable":true,"href":"https:\/\/cmq.cl\/site\/wp-json\/wp\/v2\/categories?post=14747"},{"taxonomy":"post_tag","embeddable":true,"href":"https:\/\/cmq.cl\/site\/wp-json\/wp\/v2\/tags?post=14747"}],"curies":[{"name":"wp","href":"https:\/\/api.w.org\/{rel}","templated":true}]}}