{"id":14761,"date":"2026-08-10T10:47:00","date_gmt":"2026-08-10T14:47:00","guid":{"rendered":"https:\/\/cmq.cl\/site\/?p=14761"},"modified":"2026-09-03T22:58:03","modified_gmt":"2026-09-04T02:58:03","slug":"yo-cuido-mi-cesfam-promovemos-el-buen-trato-y-el-respeto-en-nuestra-red-de-salud","status":"publish","type":"post","link":"https:\/\/cmq.cl\/site\/yo-cuido-mi-cesfam-promovemos-el-buen-trato-y-el-respeto-en-nuestra-red-de-salud\/","title":{"rendered":"\u201cYo Cuido Mi CESFAM\u201d: promovemos el buen trato y el respeto en nuestra red de salud"},"content":{"rendered":"\n<figure class=\"wp-block-image size-full\"><img loading=\"lazy\" decoding=\"async\" width=\"1065\" height=\"710\" src=\"https:\/\/cmq.cl\/site\/wp-content\/uploads\/2026\/09\/778273588_18336635050248083_4561716776605107024_n.jpg\" alt=\"\" class=\"wp-image-14762\"\/><\/figure>\n\n\n\n<p>La Corporaci\u00f3n Municipal de Quilpu\u00e9 se sum\u00f3 a la campa\u00f1a <strong>\u201cYo Cuido Mi CESFAM\u201d<\/strong>, iniciativa desarrollada junto a la Unidad de Bienestar Laboral, el Departamento de Salud, AFUSAM Quilpu\u00e9 y la Federaci\u00f3n Regional.<\/p>\n\n\n\n<p>La campa\u00f1a busca <strong>promover el buen trato, prevenir situaciones de violencia y fortalecer el respeto hacia las y los funcionarios de la Atenci\u00f3n Primaria de Salud<\/strong>, reforzando al mismo tiempo el v\u00ednculo entre los equipos y la comunidad.<\/p>\n\n\n\n<p>Durante la jornada tambi\u00e9n se entreg\u00f3 orientaci\u00f3n a usuarios y usuarias sobre el funcionamiento de la APS, la importancia de mantener su inscripci\u00f3n y datos actualizados, y los derechos y deberes en los establecimientos.<\/p>\n\n\n\n<p><strong>Porque cuidar a quienes cuidan tambi\u00e9n es fortalecer nuestra salud. Quilpu\u00e9 es Salud.<\/strong><\/p>\n","protected":false},"excerpt":{"rendered":"<p>La Corporaci\u00f3n Municipal de Quilpu\u00e9 se sum\u00f3 a la campa\u00f1a \u201cYo Cuido Mi CESFAM\u201d, iniciativa desarrollada junto a la Unidad de Bienestar Laboral, el Departamento de Salud, AFUSAM Quilpu\u00e9 y la Federaci\u00f3n Regional. La campa\u00f1a busca promover el buen trato, prevenir situaciones de violencia y fortalecer el respeto hacia las y los funcionarios de la&#8230;<\/p>\n","protected":false},"author":13,"featured_media":14762,"comment_status":"closed","ping_status":"open","sticky":false,"template":"","format":"standard","meta":{"_EventAllDay":false,"_EventTimezone":"","_EventStartDate":"","_EventEndDate":"","_EventStartDateUTC":"","_EventEndDateUTC":"","_EventShowMap":false,"_EventShowMapLink":false,"_EventURL":"","_EventCost":"","_EventCostDescription":"","_EventCurrencySymbol":"","_EventCurrencyCode":"","_EventCurrencyPosition":"","_EventDateTimeSeparator":"","_EventTimeRangeSeparator":"","_EventOrganizerID":[],"_EventVenueID":[],"_OrganizerEmail":"","_OrganizerPhone":"","_OrganizerWebsite":"","_VenueAddress":"","_VenueCity":"","_VenueCountry":"","_VenueProvince":"","_VenueState":"","_VenueZip":"","_VenuePhone":"","_VenueURL":"","_VenueStateProvince":"","_VenueLat":"","_VenueLng":"","_VenueShowMap":false,"_VenueShowMapLink":false,"_kadence_starter_templates_imported_post":false,"_kad_post_transparent":"","_kad_post_title":"","_kad_post_layout":"","_kad_post_sidebar_id":"","_kad_post_content_style":"","_kad_post_vertical_padding":"","_kad_post_feature":"","_kad_post_feature_position":"","_kad_post_header":false,"_kad_post_footer":false,"_kad_post_classname":"","_joinchat":[],"footnotes":""},"categories":[20],"tags":[],"class_list":["post-14761","post","type-post","status-publish","format-standard","has-post-thumbnail","hentry","category-noticias"],"_links":{"self":[{"href":"https:\/\/cmq.cl\/site\/wp-json\/wp\/v2\/posts\/14761","targetHints":{"allow":["GET"]}}],"collection":[{"href":"https:\/\/cmq.cl\/site\/wp-json\/wp\/v2\/posts"}],"about":[{"href":"https:\/\/cmq.cl\/site\/wp-json\/wp\/v2\/types\/post"}],"author":[{"embeddable":true,"href":"https:\/\/cmq.cl\/site\/wp-json\/wp\/v2\/users\/13"}],"replies":[{"embeddable":true,"href":"https:\/\/cmq.cl\/site\/wp-json\/wp\/v2\/comments?post=14761"}],"version-history":[{"count":1,"href":"https:\/\/cmq.cl\/site\/wp-json\/wp\/v2\/posts\/14761\/revisions"}],"predecessor-version":[{"id":14763,"href":"https:\/\/cmq.cl\/site\/wp-json\/wp\/v2\/posts\/14761\/revisions\/14763"}],"wp:featuredmedia":[{"embeddable":true,"href":"https:\/\/cmq.cl\/site\/wp-json\/wp\/v2\/media\/14762"}],"wp:attachment":[{"href":"https:\/\/cmq.cl\/site\/wp-json\/wp\/v2\/media?parent=14761"}],"wp:term":[{"taxonomy":"category","embeddable":true,"href":"https:\/\/cmq.cl\/site\/wp-json\/wp\/v2\/categories?post=14761"},{"taxonomy":"post_tag","embeddable":true,"href":"https:\/\/cmq.cl\/site\/wp-json\/wp\/v2\/tags?post=14761"}],"curies":[{"name":"wp","href":"https:\/\/api.w.org\/{rel}","templated":true}]}}