{"id":14772,"date":"2026-08-26T22:59:00","date_gmt":"2026-08-27T02:59:00","guid":{"rendered":"https:\/\/cmq.cl\/site\/?p=14772"},"modified":"2026-09-03T23:01:41","modified_gmt":"2026-09-04T03:01:41","slug":"fortalecemos-la-salud-mental-y-el-bienestar-en-las-comunidades-educativas","status":"publish","type":"post","link":"https:\/\/cmq.cl\/site\/fortalecemos-la-salud-mental-y-el-bienestar-en-las-comunidades-educativas\/","title":{"rendered":"Fortalecemos la salud mental y el bienestar en las comunidades educativas"},"content":{"rendered":"\n<figure class=\"wp-block-image size-full\"><img loading=\"lazy\" decoding=\"async\" width=\"930\" height=\"734\" src=\"https:\/\/cmq.cl\/site\/wp-content\/uploads\/2026\/09\/787357835_18337687753248083_6382495393356787772_n.jpg\" alt=\"\" class=\"wp-image-14775\"\/><\/figure>\n\n\n\n<p>Profesionales de <strong>Salud Mental de la Corporaci\u00f3n Municipal de Quilpu\u00e9<\/strong> realizaron una charla en la <strong>Escuela Especial de Desarrollo Renacimiento<\/strong>, generando un espacio de reflexi\u00f3n sobre bienestar emocional y la importancia de construir entornos escolares seguros y protectores.<\/p>\n\n\n\n<p>A trav\u00e9s de estas instancias, fortalecemos el trabajo conjunto entre <strong>salud y comunidad educativa<\/strong>, promoviendo la escucha, el acompa\u00f1amiento, el respeto a la diversidad y el cuidado de la salud mental de ni\u00f1os, ni\u00f1as y adolescentes.<\/p>\n\n\n\n<figure class=\"wp-block-gallery has-nested-images columns-default is-cropped wp-block-gallery-1 is-layout-flex wp-block-gallery-is-layout-flex\">\n<figure class=\"wp-block-image size-large\"><img loading=\"lazy\" decoding=\"async\" width=\"933\" height=\"738\" data-id=\"14774\" src=\"https:\/\/cmq.cl\/site\/wp-content\/uploads\/2026\/09\/787410498_18337687744248083_8513555301536330062_n.jpg\" alt=\"\" class=\"wp-image-14774\"\/><\/figure>\n\n\n\n<figure class=\"wp-block-image size-large\"><img loading=\"lazy\" decoding=\"async\" width=\"930\" height=\"734\" data-id=\"14775\" src=\"https:\/\/cmq.cl\/site\/wp-content\/uploads\/2026\/09\/787357835_18337687753248083_6382495393356787772_n.jpg\" alt=\"\" class=\"wp-image-14775\"\/><\/figure>\n<\/figure>\n","protected":false},"excerpt":{"rendered":"<p>Profesionales de Salud Mental de la Corporaci\u00f3n Municipal de Quilpu\u00e9 realizaron una charla en la Escuela Especial de Desarrollo Renacimiento, generando un espacio de reflexi\u00f3n sobre bienestar emocional y la importancia de construir entornos escolares seguros y protectores. A trav\u00e9s de estas instancias, fortalecemos el trabajo conjunto entre salud y comunidad educativa, promoviendo la escucha,&#8230;<\/p>\n","protected":false},"author":13,"featured_media":14775,"comment_status":"closed","ping_status":"open","sticky":false,"template":"","format":"standard","meta":{"_EventAllDay":false,"_EventTimezone":"","_EventStartDate":"","_EventEndDate":"","_EventStartDateUTC":"","_EventEndDateUTC":"","_EventShowMap":false,"_EventShowMapLink":false,"_EventURL":"","_EventCost":"","_EventCostDescription":"","_EventCurrencySymbol":"","_EventCurrencyCode":"","_EventCurrencyPosition":"","_EventDateTimeSeparator":"","_EventTimeRangeSeparator":"","_EventOrganizerID":[],"_EventVenueID":[],"_OrganizerEmail":"","_OrganizerPhone":"","_OrganizerWebsite":"","_VenueAddress":"","_VenueCity":"","_VenueCountry":"","_VenueProvince":"","_VenueState":"","_VenueZip":"","_VenuePhone":"","_VenueURL":"","_VenueStateProvince":"","_VenueLat":"","_VenueLng":"","_VenueShowMap":false,"_VenueShowMapLink":false,"_kadence_starter_templates_imported_post":false,"_kad_post_transparent":"","_kad_post_title":"","_kad_post_layout":"","_kad_post_sidebar_id":"","_kad_post_content_style":"","_kad_post_vertical_padding":"","_kad_post_feature":"","_kad_post_feature_position":"","_kad_post_header":false,"_kad_post_footer":false,"_kad_post_classname":"","_joinchat":[],"footnotes":""},"categories":[22,20,21],"tags":[],"class_list":["post-14772","post","type-post","status-publish","format-standard","has-post-thumbnail","hentry","category-educacion","category-noticias","category-salud"],"_links":{"self":[{"href":"https:\/\/cmq.cl\/site\/wp-json\/wp\/v2\/posts\/14772","targetHints":{"allow":["GET"]}}],"collection":[{"href":"https:\/\/cmq.cl\/site\/wp-json\/wp\/v2\/posts"}],"about":[{"href":"https:\/\/cmq.cl\/site\/wp-json\/wp\/v2\/types\/post"}],"author":[{"embeddable":true,"href":"https:\/\/cmq.cl\/site\/wp-json\/wp\/v2\/users\/13"}],"replies":[{"embeddable":true,"href":"https:\/\/cmq.cl\/site\/wp-json\/wp\/v2\/comments?post=14772"}],"version-history":[{"count":3,"href":"https:\/\/cmq.cl\/site\/wp-json\/wp\/v2\/posts\/14772\/revisions"}],"predecessor-version":[{"id":14777,"href":"https:\/\/cmq.cl\/site\/wp-json\/wp\/v2\/posts\/14772\/revisions\/14777"}],"wp:featuredmedia":[{"embeddable":true,"href":"https:\/\/cmq.cl\/site\/wp-json\/wp\/v2\/media\/14775"}],"wp:attachment":[{"href":"https:\/\/cmq.cl\/site\/wp-json\/wp\/v2\/media?parent=14772"}],"wp:term":[{"taxonomy":"category","embeddable":true,"href":"https:\/\/cmq.cl\/site\/wp-json\/wp\/v2\/categories?post=14772"},{"taxonomy":"post_tag","embeddable":true,"href":"https:\/\/cmq.cl\/site\/wp-json\/wp\/v2\/tags?post=14772"}],"curies":[{"name":"wp","href":"https:\/\/api.w.org\/{rel}","templated":true}]}}