{"id":14791,"date":"2026-09-01T11:22:00","date_gmt":"2026-09-01T15:22:00","guid":{"rendered":"https:\/\/cmq.cl\/site\/?p=14791"},"modified":"2026-09-03T23:23:24","modified_gmt":"2026-09-04T03:23:24","slug":"cesfam-belloto-sur-inicia-su-camino-hacia-la-acreditacion-con-feria-interactiva-para-sus-funcionarios","status":"publish","type":"post","link":"https:\/\/cmq.cl\/site\/cesfam-belloto-sur-inicia-su-camino-hacia-la-acreditacion-con-feria-interactiva-para-sus-funcionarios\/","title":{"rendered":"CESFAM Belloto Sur inicia su camino hacia la acreditaci\u00f3n con feria interactiva para sus funcionarios"},"content":{"rendered":"\n<figure class=\"wp-block-image size-full\"><img loading=\"lazy\" decoding=\"async\" width=\"1074\" height=\"718\" src=\"https:\/\/cmq.cl\/site\/wp-content\/uploads\/2026\/09\/Captura-de-pantalla-2026-09-03-232059.png\" alt=\"\" class=\"wp-image-14792\"\/><\/figure>\n\n\n\n<p><strong>La jornada, organizada por el equipo de Calidad del establecimiento, permiti\u00f3 acercar de manera l\u00fadica y participativa los est\u00e1ndares que deber\u00e1 cumplir el centro de salud, reforzando el compromiso de sus equipos con una atenci\u00f3n segura y de calidad.<\/strong><\/p>\n\n\n\n<p>El CESFAM Belloto Sur realiz\u00f3 el viernes 28 de agosto su <strong>Primera Feria de Acreditaci\u00f3n<\/strong>, una instancia dirigida a funcionarios y funcionarias del establecimiento que marc\u00f3 un nuevo avance en el proceso que desarrolla el centro de salud para alcanzar su acreditaci\u00f3n.<\/p>\n\n\n\n<p>La actividad, organizada por el equipo de Calidad, tuvo como objetivo socializar, educar y alinear a los distintos equipos respecto de los est\u00e1ndares y caracter\u00edsticas que deber\u00e1 cumplir el establecimiento, promoviendo que cada funcionario conozca y comprenda el importante rol que desempe\u00f1a en este proceso.<\/p>\n\n\n\n<p>En ese sentido, la directora del CESFAM Belloto Sur, <strong>Paola Espinoza<\/strong>, explic\u00f3 que la iniciativa busc\u00f3 acercar este desaf\u00edo a los equipos de una manera diferente y participativa.<\/p>\n\n\n\n<p>\u201cEsta primera Feria de Acreditaci\u00f3n fue una instancia organizada por nuestro equipo de Calidad y orientada a todos los funcionarios del establecimiento. Su objetivo fue socializar, educar y alinear a nuestros equipos con los est\u00e1ndares y caracter\u00edsticas que debemos cumplir en este proceso, pero quisimos hacerlo de una manera l\u00fadica, cercana y entretenida\u201d, se\u00f1al\u00f3.<\/p>\n\n\n\n<h3 class=\"wp-block-heading\"><strong>Un recorrido por la acreditaci\u00f3n<\/strong><\/h3>\n\n\n\n<p>La feria se desarroll\u00f3 mediante diferentes stands, cada uno dedicado a las caracter\u00edsticas que el CESFAM deber\u00e1 abordar durante su proceso de acreditaci\u00f3n. En cada estaci\u00f3n, los funcionarios recibieron informaci\u00f3n y orientaci\u00f3n de los responsables de las distintas materias.<\/p>\n\n\n\n<p>Para acompa\u00f1ar este recorrido, cada participante recibi\u00f3 un <strong>\u201cPasaporte de Acreditaci\u00f3n\u201d<\/strong>, una libreta que deb\u00eda completar durante la jornada. Al pasar por cada stand, recib\u00eda un sticker alusivo al contenido abordado y un timbre que acreditaba su participaci\u00f3n.<\/p>\n\n\n\n<p>\u201cAl finalizar el recorrido, cada pasaporte quedaba lleno de sellos, reflejando todo lo que nuestros funcionarios fueron conociendo y aprendiendo durante la jornada\u201d, agreg\u00f3 Espinoza.<\/p>\n\n\n\n<h3 class=\"wp-block-heading\"><strong>Un desaf\u00edo que se construye en equipo<\/strong><\/h3>\n\n\n\n<p>La directora destac\u00f3 adem\u00e1s que la acreditaci\u00f3n requiere del compromiso de todos quienes forman parte del establecimiento y que actividades como esta permiten generar una cultura interna orientada al mejoramiento continuo.<\/p>\n\n\n\n<p>\u201cFue una experiencia enriquecedora y muy entretenida para todos quienes participamos. Instancias como esta nos recuerdan que <strong>la acreditaci\u00f3n es un desaf\u00edo que construimos en equipo, paso a paso<\/strong>, y nos motivan a seguir trabajando con compromiso y entusiasmo para alcanzar juntos esta meta\u201d, enfatiz\u00f3.<\/p>\n\n\n\n<p>Con esta primera feria, el <strong>CESFAM Belloto Sur contin\u00faa avanzando en su proceso de acreditaci\u00f3n<\/strong>, fortaleciendo el conocimiento y compromiso de sus equipos y promoviendo una cultura de calidad y seguridad que permita seguir mejorando la atenci\u00f3n entregada a los vecinos y vecinas de Quilpu\u00e9.<\/p>\n","protected":false},"excerpt":{"rendered":"<p>La jornada, organizada por el equipo de Calidad del establecimiento, permiti\u00f3 acercar de manera l\u00fadica y participativa los est\u00e1ndares que deber\u00e1 cumplir el centro de salud, reforzando el compromiso de sus equipos con una atenci\u00f3n segura y de calidad. El CESFAM Belloto Sur realiz\u00f3 el viernes 28 de agosto su Primera Feria de Acreditaci\u00f3n, una&#8230;<\/p>\n","protected":false},"author":13,"featured_media":14792,"comment_status":"closed","ping_status":"open","sticky":false,"template":"","format":"standard","meta":{"_EventAllDay":false,"_EventTimezone":"","_EventStartDate":"","_EventEndDate":"","_EventStartDateUTC":"","_EventEndDateUTC":"","_EventShowMap":false,"_EventShowMapLink":false,"_EventURL":"","_EventCost":"","_EventCostDescription":"","_EventCurrencySymbol":"","_EventCurrencyCode":"","_EventCurrencyPosition":"","_EventDateTimeSeparator":"","_EventTimeRangeSeparator":"","_EventOrganizerID":[],"_EventVenueID":[],"_OrganizerEmail":"","_OrganizerPhone":"","_OrganizerWebsite":"","_VenueAddress":"","_VenueCity":"","_VenueCountry":"","_VenueProvince":"","_VenueState":"","_VenueZip":"","_VenuePhone":"","_VenueURL":"","_VenueStateProvince":"","_VenueLat":"","_VenueLng":"","_VenueShowMap":false,"_VenueShowMapLink":false,"_kadence_starter_templates_imported_post":false,"_kad_post_transparent":"","_kad_post_title":"","_kad_post_layout":"","_kad_post_sidebar_id":"","_kad_post_content_style":"","_kad_post_vertical_padding":"","_kad_post_feature":"","_kad_post_feature_position":"","_kad_post_header":false,"_kad_post_footer":false,"_kad_post_classname":"","_joinchat":[],"footnotes":""},"categories":[20,21],"tags":[],"class_list":["post-14791","post","type-post","status-publish","format-standard","has-post-thumbnail","hentry","category-noticias","category-salud"],"_links":{"self":[{"href":"https:\/\/cmq.cl\/site\/wp-json\/wp\/v2\/posts\/14791","targetHints":{"allow":["GET"]}}],"collection":[{"href":"https:\/\/cmq.cl\/site\/wp-json\/wp\/v2\/posts"}],"about":[{"href":"https:\/\/cmq.cl\/site\/wp-json\/wp\/v2\/types\/post"}],"author":[{"embeddable":true,"href":"https:\/\/cmq.cl\/site\/wp-json\/wp\/v2\/users\/13"}],"replies":[{"embeddable":true,"href":"https:\/\/cmq.cl\/site\/wp-json\/wp\/v2\/comments?post=14791"}],"version-history":[{"count":1,"href":"https:\/\/cmq.cl\/site\/wp-json\/wp\/v2\/posts\/14791\/revisions"}],"predecessor-version":[{"id":14793,"href":"https:\/\/cmq.cl\/site\/wp-json\/wp\/v2\/posts\/14791\/revisions\/14793"}],"wp:featuredmedia":[{"embeddable":true,"href":"https:\/\/cmq.cl\/site\/wp-json\/wp\/v2\/media\/14792"}],"wp:attachment":[{"href":"https:\/\/cmq.cl\/site\/wp-json\/wp\/v2\/media?parent=14791"}],"wp:term":[{"taxonomy":"category","embeddable":true,"href":"https:\/\/cmq.cl\/site\/wp-json\/wp\/v2\/categories?post=14791"},{"taxonomy":"post_tag","embeddable":true,"href":"https:\/\/cmq.cl\/site\/wp-json\/wp\/v2\/tags?post=14791"}],"curies":[{"name":"wp","href":"https:\/\/api.w.org\/{rel}","templated":true}]}}