{"id":14809,"date":"2026-09-05T22:24:56","date_gmt":"2026-09-06T02:24:56","guid":{"rendered":"https:\/\/cmq.cl\/site\/?p=14809"},"modified":"2026-09-05T22:30:14","modified_gmt":"2026-09-06T02:30:14","slug":"el-retiro-celebro-el-dia-de-la-ninez-con-jornada-comunitaria-junto-a-familias-e-instituciones-de-quilpue","status":"publish","type":"post","link":"https:\/\/cmq.cl\/site\/el-retiro-celebro-el-dia-de-la-ninez-con-jornada-comunitaria-junto-a-familias-e-instituciones-de-quilpue\/","title":{"rendered":"El Retiro celebr\u00f3 el D\u00eda de la Ni\u00f1ez con jornada comunitaria junto a familias e instituciones de Quilpu\u00e9"},"content":{"rendered":"\n<figure class=\"wp-block-image size-full\"><img loading=\"lazy\" decoding=\"async\" width=\"1600\" height=\"1066\" src=\"https:\/\/cmq.cl\/site\/wp-content\/uploads\/2026\/09\/WhatsApp-Image-2026-09-05-at-10.22.18-PM.jpeg\" alt=\"\" class=\"wp-image-14810\"\/><\/figure>\n\n\n\n<p><strong>Decenas de ni\u00f1os y ni\u00f1as participaron de una entretenida actividad organizada por el CECOSF El Retiro junto a la Red de Protecci\u00f3n de la Ni\u00f1ez de Quilpu\u00e9, que reuni\u00f3 a instituciones, establecimientos educacionales, organizaciones y familias del sector.<\/strong><\/p>\n\n\n\n<p>La plaza del sector El Retiro se transform\u00f3 en un espacio de encuentro, entretenci\u00f3n y participaci\u00f3n comunitaria para celebrar el <strong>D\u00eda de la Ni\u00f1ez<\/strong>, en una jornada especialmente preparada para los ni\u00f1os, ni\u00f1as y sus familias.<\/p>\n\n\n\n<p>La actividad fue organizada por el <strong>CECOSF El Retiro<\/strong>, en conjunto con la <strong>Red de Protecci\u00f3n de la Ni\u00f1ez de Quilpu\u00e9<\/strong>, fortaleciendo el trabajo colaborativo que diferentes instituciones desarrollan en el territorio.<\/p>\n\n\n\n<p>Durante la jornada, los asistentes pudieron disfrutar de juegos, actividades recreativas y espacios educativos, generando una instancia de encuentro que puso en el centro el bienestar, la participaci\u00f3n y el desarrollo integral de ni\u00f1os y ni\u00f1as.<\/p>\n\n\n\n<p>La celebraci\u00f3n cont\u00f3 adem\u00e1s con la participaci\u00f3n de establecimientos educacionales, instituciones y organizaciones vinculadas al trabajo con la infancia y las familias, permitiendo acercar a la comunidad distintas iniciativas y acciones orientadas a la promoci\u00f3n y protecci\u00f3n de sus derechos.<\/p>\n\n\n\n<p>Desde la Atenci\u00f3n Primaria de Salud de Quilpu\u00e9 se destac\u00f3 la importancia de generar este tipo de espacios comunitarios, entendiendo que la salud tambi\u00e9n se construye fortaleciendo los v\u00ednculos, promoviendo entornos protectores y acompa\u00f1ando a ni\u00f1os y ni\u00f1as durante las distintas etapas de su desarrollo.<\/p>\n\n\n\n<p>Con esta actividad, el <strong>CECOSF El Retiro contin\u00faa fortaleciendo su trabajo territorial y comunitario<\/strong>, articul\u00e1ndose con la red local para contribuir al bienestar y a una infancia protegida, participativa y feliz.<\/p>\n\n\n\n<p><strong>Quilpu\u00e9 es Salud.<\/strong><\/p>\n\n\n\n<figure class=\"wp-block-gallery has-nested-images columns-default is-cropped wp-block-gallery-1 is-layout-flex wp-block-gallery-is-layout-flex\">\n<figure class=\"wp-block-image size-large\"><img loading=\"lazy\" decoding=\"async\" width=\"1600\" height=\"1066\" data-id=\"14826\" src=\"https:\/\/cmq.cl\/site\/wp-content\/uploads\/2026\/09\/WhatsApp-Image-2026-09-05-at-10.22.18-PM-3.jpeg\" alt=\"\" class=\"wp-image-14826\"\/><\/figure>\n\n\n\n<figure class=\"wp-block-image size-large\"><img loading=\"lazy\" decoding=\"async\" width=\"1600\" height=\"1066\" data-id=\"14825\" src=\"https:\/\/cmq.cl\/site\/wp-content\/uploads\/2026\/09\/WhatsApp-Image-2026-09-05-at-10.22.18-PM-1.jpeg\" alt=\"\" class=\"wp-image-14825\"\/><\/figure>\n\n\n\n<figure class=\"wp-block-image size-large\"><img loading=\"lazy\" decoding=\"async\" width=\"1600\" height=\"1066\" data-id=\"14824\" src=\"https:\/\/cmq.cl\/site\/wp-content\/uploads\/2026\/09\/WhatsApp-Image-2026-09-05-at-10.22.18-PM-2.jpeg\" alt=\"\" class=\"wp-image-14824\"\/><\/figure>\n\n\n\n<figure class=\"wp-block-image size-large\"><img loading=\"lazy\" decoding=\"async\" width=\"1600\" height=\"1066\" data-id=\"14823\" src=\"https:\/\/cmq.cl\/site\/wp-content\/uploads\/2026\/09\/WhatsApp-Image-2026-09-05-at-10.18.55-PM.jpeg\" alt=\"\" class=\"wp-image-14823\"\/><\/figure>\n\n\n\n<figure class=\"wp-block-image size-large\"><img loading=\"lazy\" decoding=\"async\" width=\"1600\" height=\"1066\" data-id=\"14822\" src=\"https:\/\/cmq.cl\/site\/wp-content\/uploads\/2026\/09\/WhatsApp-Image-2026-09-05-at-10.18.55-PM-1.jpeg\" alt=\"\" class=\"wp-image-14822\"\/><\/figure>\n\n\n\n<figure class=\"wp-block-image size-large\"><img loading=\"lazy\" decoding=\"async\" width=\"1600\" height=\"1066\" data-id=\"14821\" src=\"https:\/\/cmq.cl\/site\/wp-content\/uploads\/2026\/09\/WhatsApp-Image-2026-09-05-at-10.18.55-PM-2.jpeg\" alt=\"\" class=\"wp-image-14821\"\/><\/figure>\n\n\n\n<figure class=\"wp-block-image size-large\"><img loading=\"lazy\" decoding=\"async\" width=\"1600\" height=\"1066\" data-id=\"14820\" src=\"https:\/\/cmq.cl\/site\/wp-content\/uploads\/2026\/09\/WhatsApp-Image-2026-09-05-at-10.18.55-PM-3.jpeg\" alt=\"\" class=\"wp-image-14820\"\/><\/figure>\n\n\n\n<figure class=\"wp-block-image size-large\"><img loading=\"lazy\" decoding=\"async\" width=\"1600\" height=\"1066\" data-id=\"14819\" src=\"https:\/\/cmq.cl\/site\/wp-content\/uploads\/2026\/09\/WhatsApp-Image-2026-09-05-at-10.18.55-PM-4.jpeg\" alt=\"\" class=\"wp-image-14819\"\/><\/figure>\n\n\n\n<figure class=\"wp-block-image size-large\"><img loading=\"lazy\" decoding=\"async\" width=\"1600\" height=\"1066\" data-id=\"14818\" src=\"https:\/\/cmq.cl\/site\/wp-content\/uploads\/2026\/09\/WhatsApp-Image-2026-09-05-at-10.18.55-PM-5.jpeg\" alt=\"\" class=\"wp-image-14818\"\/><\/figure>\n\n\n\n<figure class=\"wp-block-image size-large\"><img loading=\"lazy\" decoding=\"async\" width=\"1600\" height=\"1066\" data-id=\"14817\" src=\"https:\/\/cmq.cl\/site\/wp-content\/uploads\/2026\/09\/WhatsApp-Image-2026-09-05-at-10.18.55-PM-6.jpeg\" alt=\"\" class=\"wp-image-14817\"\/><\/figure>\n\n\n\n<figure class=\"wp-block-image size-large\"><img loading=\"lazy\" decoding=\"async\" width=\"1600\" height=\"1066\" data-id=\"14816\" src=\"https:\/\/cmq.cl\/site\/wp-content\/uploads\/2026\/09\/WhatsApp-Image-2026-09-05-at-10.18.55-PM-7.jpeg\" alt=\"\" class=\"wp-image-14816\"\/><\/figure>\n\n\n\n<figure class=\"wp-block-image size-large\"><img loading=\"lazy\" decoding=\"async\" width=\"1600\" height=\"1066\" data-id=\"14815\" src=\"https:\/\/cmq.cl\/site\/wp-content\/uploads\/2026\/09\/WhatsApp-Image-2026-09-05-at-10.18.55-PM-8.jpeg\" alt=\"\" class=\"wp-image-14815\"\/><\/figure>\n\n\n\n<figure class=\"wp-block-image size-large\"><img loading=\"lazy\" decoding=\"async\" width=\"1600\" height=\"1066\" data-id=\"14810\" src=\"https:\/\/cmq.cl\/site\/wp-content\/uploads\/2026\/09\/WhatsApp-Image-2026-09-05-at-10.22.18-PM.jpeg\" alt=\"\" class=\"wp-image-14810\"\/><\/figure>\n\n\n\n<figure class=\"wp-block-image size-large\"><img loading=\"lazy\" decoding=\"async\" width=\"1600\" height=\"1066\" data-id=\"14813\" src=\"https:\/\/cmq.cl\/site\/wp-content\/uploads\/2026\/09\/WhatsApp-Image-2026-09-05-at-10.18.55-PM-10.jpeg\" alt=\"\" class=\"wp-image-14813\"\/><\/figure>\n\n\n\n<figure class=\"wp-block-image size-large\"><img loading=\"lazy\" decoding=\"async\" width=\"1600\" height=\"1066\" data-id=\"14814\" src=\"https:\/\/cmq.cl\/site\/wp-content\/uploads\/2026\/09\/WhatsApp-Image-2026-09-05-at-10.18.55-PM-9.jpeg\" alt=\"\" class=\"wp-image-14814\"\/><\/figure>\n<\/figure>\n\n\n\n<p><\/p>\n","protected":false},"excerpt":{"rendered":"<p>Decenas de ni\u00f1os y ni\u00f1as participaron de una entretenida actividad organizada por el CECOSF El Retiro junto a la Red de Protecci\u00f3n de la Ni\u00f1ez de Quilpu\u00e9, que reuni\u00f3 a instituciones, establecimientos educacionales, organizaciones y familias del sector. La plaza del sector El Retiro se transform\u00f3 en un espacio de encuentro, entretenci\u00f3n y participaci\u00f3n comunitaria&#8230;<\/p>\n","protected":false},"author":13,"featured_media":14810,"comment_status":"closed","ping_status":"open","sticky":false,"template":"","format":"standard","meta":{"_EventAllDay":false,"_EventTimezone":"","_EventStartDate":"","_EventEndDate":"","_EventStartDateUTC":"","_EventEndDateUTC":"","_EventShowMap":false,"_EventShowMapLink":false,"_EventURL":"","_EventCost":"","_EventCostDescription":"","_EventCurrencySymbol":"","_EventCurrencyCode":"","_EventCurrencyPosition":"","_EventDateTimeSeparator":"","_EventTimeRangeSeparator":"","_EventOrganizerID":[],"_EventVenueID":[],"_OrganizerEmail":"","_OrganizerPhone":"","_OrganizerWebsite":"","_VenueAddress":"","_VenueCity":"","_VenueCountry":"","_VenueProvince":"","_VenueState":"","_VenueZip":"","_VenuePhone":"","_VenueURL":"","_VenueStateProvince":"","_VenueLat":"","_VenueLng":"","_VenueShowMap":false,"_VenueShowMapLink":false,"_kadence_starter_templates_imported_post":false,"_kad_post_transparent":"","_kad_post_title":"","_kad_post_layout":"","_kad_post_sidebar_id":"","_kad_post_content_style":"","_kad_post_vertical_padding":"","_kad_post_feature":"","_kad_post_feature_position":"","_kad_post_header":false,"_kad_post_footer":false,"_kad_post_classname":"","_joinchat":[],"footnotes":""},"categories":[20],"tags":[],"class_list":["post-14809","post","type-post","status-publish","format-standard","has-post-thumbnail","hentry","category-noticias"],"_links":{"self":[{"href":"https:\/\/cmq.cl\/site\/wp-json\/wp\/v2\/posts\/14809","targetHints":{"allow":["GET"]}}],"collection":[{"href":"https:\/\/cmq.cl\/site\/wp-json\/wp\/v2\/posts"}],"about":[{"href":"https:\/\/cmq.cl\/site\/wp-json\/wp\/v2\/types\/post"}],"author":[{"embeddable":true,"href":"https:\/\/cmq.cl\/site\/wp-json\/wp\/v2\/users\/13"}],"replies":[{"embeddable":true,"href":"https:\/\/cmq.cl\/site\/wp-json\/wp\/v2\/comments?post=14809"}],"version-history":[{"count":3,"href":"https:\/\/cmq.cl\/site\/wp-json\/wp\/v2\/posts\/14809\/revisions"}],"predecessor-version":[{"id":14828,"href":"https:\/\/cmq.cl\/site\/wp-json\/wp\/v2\/posts\/14809\/revisions\/14828"}],"wp:featuredmedia":[{"embeddable":true,"href":"https:\/\/cmq.cl\/site\/wp-json\/wp\/v2\/media\/14810"}],"wp:attachment":[{"href":"https:\/\/cmq.cl\/site\/wp-json\/wp\/v2\/media?parent=14809"}],"wp:term":[{"taxonomy":"category","embeddable":true,"href":"https:\/\/cmq.cl\/site\/wp-json\/wp\/v2\/categories?post=14809"},{"taxonomy":"post_tag","embeddable":true,"href":"https:\/\/cmq.cl\/site\/wp-json\/wp\/v2\/tags?post=14809"}],"curies":[{"name":"wp","href":"https:\/\/api.w.org\/{rel}","templated":true}]}}