{"id":14838,"date":"2026-09-06T00:26:44","date_gmt":"2026-09-06T04:26:44","guid":{"rendered":"https:\/\/cmq.cl\/site\/?p=14838"},"modified":"2026-09-06T00:28:16","modified_gmt":"2026-09-06T04:28:16","slug":"quilpue-refuerza-campana-de-inscripcion-en-sus-centros-de-salud-durante-el-mes-de-la-patria","status":"publish","type":"post","link":"https:\/\/cmq.cl\/site\/quilpue-refuerza-campana-de-inscripcion-en-sus-centros-de-salud-durante-el-mes-de-la-patria\/","title":{"rendered":"Quilpu\u00e9 refuerza campa\u00f1a de inscripci\u00f3n en sus centros de salud durante el Mes de la Patria"},"content":{"rendered":"\n<figure class=\"wp-block-image size-full\"><img loading=\"lazy\" decoding=\"async\" width=\"2012\" height=\"781\" src=\"https:\/\/cmq.cl\/site\/wp-content\/uploads\/2026\/09\/ChatGPT-Image-4-sept-2026-00_52_28.png\" alt=\"\" class=\"wp-image-14801\"\/><\/figure>\n\n\n\n<p><strong>La Corporaci\u00f3n Municipal de Quilpu\u00e9 intensific\u00f3 durante septiembre el llamado a vecinas y vecinos a inscribirse y mantener actualizados sus antecedentes en los establecimientos de Atenci\u00f3n Primaria, destacando que cada persona inscrita contribuye a fortalecer los recursos destinados a la salud comunal.<\/strong><\/p>\n\n\n\n<p>En el marco del <strong>Mes de la Patria<\/strong>, la Corporaci\u00f3n Municipal de Quilpu\u00e9, a trav\u00e9s de su Direcci\u00f3n de Salud, reforz\u00f3 la campa\u00f1a de <strong>inscripci\u00f3n en los centros de salud de la comuna<\/strong>, invitando a las familias a acercarse a su CESFAM y realizar este importante proceso.<\/p>\n\n\n\n<p>Bajo el llamado <strong>\u201cAc\u00e9rcate a tu CESFAM y percap\u00edtate\u201d<\/strong>, la iniciativa busca aumentar y mantener actualizado el registro de usuarios de la red de Atenci\u00f3n Primaria de Salud, considerando que la poblaci\u00f3n inscrita y validada es fundamental para la asignaci\u00f3n de recursos que permiten sostener y fortalecer la atenci\u00f3n que reciben las vecinas y vecinos.<\/p>\n\n\n\n<h3 class=\"wp-block-heading\">Cada inscripci\u00f3n suma<\/h3>\n\n\n\n<p>La inscripci\u00f3n permite que los establecimientos cuenten con un registro actualizado de la poblaci\u00f3n que tienen a su cargo y contribuye directamente a la planificaci\u00f3n de la atenci\u00f3n y al financiamiento de la red comunal.<\/p>\n\n\n\n<p>Estos recursos permiten fortalecer el funcionamiento de los centros de salud y responder a las necesidades de la comunidad a trav\u00e9s de <strong>profesionales, medicamentos, insumos, prestaciones y programas de Atenci\u00f3n Primaria<\/strong>.<\/p>\n\n\n\n<p>La directora de Salud (I) de la Corporaci\u00f3n Municipal de Quilpu\u00e9, <strong>Diana Franco Tigua<\/strong>, destac\u00f3 la importancia de que las familias revisen su situaci\u00f3n y se acerquen a su establecimiento.<\/p>\n\n\n\n<blockquote class=\"wp-block-quote is-layout-flow wp-block-quote-is-layout-flow\">\n<p><strong>\u201cQueremos invitar a todas nuestras vecinas y vecinos a acercarse a su CESFAM, verificar sus antecedentes y realizar su inscripci\u00f3n si a\u00fan no lo han hecho. Cada persona cuenta y cada inscripci\u00f3n suma, porque nos permite fortalecer los recursos que recibe nuestra Atenci\u00f3n Primaria y seguir mejorando la capacidad de respuesta de nuestros centros de salud\u201d,<\/strong> se\u00f1al\u00f3 Franco.<\/p>\n<\/blockquote>\n\n\n\n<h3 class=\"wp-block-heading\">Un tr\u00e1mite que fortalece la salud de toda la comuna<\/h3>\n\n\n\n<p>Durante septiembre, la Direcci\u00f3n de Salud continuar\u00e1 reforzando la campa\u00f1a en los distintos establecimientos y puntos de atenci\u00f3n, entregando orientaci\u00f3n a quienes necesiten inscribirse o actualizar sus antecedentes.<\/p>\n\n\n\n<p>El llamado tambi\u00e9n est\u00e1 dirigido a quienes han cambiado de domicilio, a las familias que han incorporado nuevos integrantes y a quienes tengan dudas respecto de su inscripci\u00f3n, para que puedan consultar directamente en su centro de salud.<\/p>\n\n\n\n<p><strong>\u201cInscribirse es tambi\u00e9n una forma de contribuir al fortalecimiento de nuestra salud p\u00fablica. Por eso durante este Mes de la Patria queremos que m\u00e1s familias se sumen. Ac\u00e9rcate a tu CESFAM y percap\u00edtate: cada persona cuenta y cada inscripci\u00f3n suma\u201d<\/strong>, agreg\u00f3 la directora de Salud (I).<\/p>\n\n\n\n<p>Con esta campa\u00f1a, la <strong>Corporaci\u00f3n Municipal de Quilpu\u00e9<\/strong> contin\u00faa impulsando acciones para fortalecer una Atenci\u00f3n Primaria m\u00e1s cercana y con mayores capacidades para responder a las necesidades de la comunidad.<\/p>\n\n\n\n<p><strong>\ud83d\udc99 Ac\u00e9rcate a tu CESFAM y percap\u00edtate.<\/strong><br><strong>Cada persona cuenta, cada inscripci\u00f3n suma.<\/strong><\/p>\n\n\n\n<p><strong>Quilpu\u00e9 es Salud.<\/strong><\/p>\n","protected":false},"excerpt":{"rendered":"<p>La Corporaci\u00f3n Municipal de Quilpu\u00e9 intensific\u00f3 durante septiembre el llamado a vecinas y vecinos a inscribirse y mantener actualizados sus antecedentes en los establecimientos de Atenci\u00f3n Primaria, destacando que cada persona inscrita contribuye a fortalecer los recursos destinados a la salud comunal. En el marco del Mes de la Patria, la Corporaci\u00f3n Municipal de Quilpu\u00e9,&#8230;<\/p>\n","protected":false},"author":13,"featured_media":14801,"comment_status":"closed","ping_status":"open","sticky":false,"template":"","format":"standard","meta":{"_EventAllDay":false,"_EventTimezone":"","_EventStartDate":"","_EventEndDate":"","_EventStartDateUTC":"","_EventEndDateUTC":"","_EventShowMap":false,"_EventShowMapLink":false,"_EventURL":"","_EventCost":"","_EventCostDescription":"","_EventCurrencySymbol":"","_EventCurrencyCode":"","_EventCurrencyPosition":"","_EventDateTimeSeparator":"","_EventTimeRangeSeparator":"","_EventOrganizerID":[],"_EventVenueID":[],"_OrganizerEmail":"","_OrganizerPhone":"","_OrganizerWebsite":"","_VenueAddress":"","_VenueCity":"","_VenueCountry":"","_VenueProvince":"","_VenueState":"","_VenueZip":"","_VenuePhone":"","_VenueURL":"","_VenueStateProvince":"","_VenueLat":"","_VenueLng":"","_VenueShowMap":false,"_VenueShowMapLink":false,"_kadence_starter_templates_imported_post":false,"_kad_post_transparent":"","_kad_post_title":"","_kad_post_layout":"","_kad_post_sidebar_id":"","_kad_post_content_style":"","_kad_post_vertical_padding":"","_kad_post_feature":"","_kad_post_feature_position":"","_kad_post_header":false,"_kad_post_footer":false,"_kad_post_classname":"","_joinchat":[],"footnotes":""},"categories":[20,21],"tags":[],"class_list":["post-14838","post","type-post","status-publish","format-standard","has-post-thumbnail","hentry","category-noticias","category-salud"],"_links":{"self":[{"href":"https:\/\/cmq.cl\/site\/wp-json\/wp\/v2\/posts\/14838","targetHints":{"allow":["GET"]}}],"collection":[{"href":"https:\/\/cmq.cl\/site\/wp-json\/wp\/v2\/posts"}],"about":[{"href":"https:\/\/cmq.cl\/site\/wp-json\/wp\/v2\/types\/post"}],"author":[{"embeddable":true,"href":"https:\/\/cmq.cl\/site\/wp-json\/wp\/v2\/users\/13"}],"replies":[{"embeddable":true,"href":"https:\/\/cmq.cl\/site\/wp-json\/wp\/v2\/comments?post=14838"}],"version-history":[{"count":1,"href":"https:\/\/cmq.cl\/site\/wp-json\/wp\/v2\/posts\/14838\/revisions"}],"predecessor-version":[{"id":14839,"href":"https:\/\/cmq.cl\/site\/wp-json\/wp\/v2\/posts\/14838\/revisions\/14839"}],"wp:featuredmedia":[{"embeddable":true,"href":"https:\/\/cmq.cl\/site\/wp-json\/wp\/v2\/media\/14801"}],"wp:attachment":[{"href":"https:\/\/cmq.cl\/site\/wp-json\/wp\/v2\/media?parent=14838"}],"wp:term":[{"taxonomy":"category","embeddable":true,"href":"https:\/\/cmq.cl\/site\/wp-json\/wp\/v2\/categories?post=14838"},{"taxonomy":"post_tag","embeddable":true,"href":"https:\/\/cmq.cl\/site\/wp-json\/wp\/v2\/tags?post=14838"}],"curies":[{"name":"wp","href":"https:\/\/api.w.org\/{rel}","templated":true}]}}